{"id":53022,"date":"2025-02-25T07:55:47","date_gmt":"2025-02-25T12:55:47","guid":{"rendered":"https:\/\/www.soundcontrol.net\/?p=53022"},"modified":"2025-02-25T08:38:26","modified_gmt":"2025-02-25T13:38:26","slug":"sct-names-geoff-hellyer-director-of-integration-technologies-for-uk-europe","status":"publish","type":"post","link":"https:\/\/www.soundcontrol.net\/fr\/sct-names-geoff-hellyer-director-of-integration-technologies-for-uk-europe\/","title":{"rendered":"SCT nomme Geoff Hellyer directeur des technologies d&#039;int\u00e9gration pour le Royaume-Uni et l&#039;Europe"},"content":{"rendered":"<p><em>Un v\u00e9t\u00e9ran de l&#039;industrie \u00e9tend son soutien technique et son engagement \u00e0 travers l&#039;Europe<\/em><\/p>\n\n\n\n<p>NORWALK, Connecticut, 25 f\u00e9vrier 2025 \u2013 SCT annonce la promotion de Geoff Hellyer au poste de directeur des technologies d&#039;int\u00e9gration pour le Royaume-Uni et l&#039;Europe, \u00e9largissant ainsi son r\u00f4le de ressource technique cl\u00e9 pour les partenaires et les clients de la r\u00e9gion.<\/p>\n\n\n<div class=\"wp-block-image\">\n<figure class=\"alignleft size-large is-resized\"><img loading=\"lazy\" decoding=\"async\" width=\"1024\" height=\"576\" src=\"https:\/\/www.soundcontrol.net\/wp-content\/uploads\/2025\/02\/IMG_1532-1-1024x576.jpeg\" alt=\"\" class=\"wp-image-53024\" style=\"width:444px;height:auto\" srcset=\"https:\/\/www.soundcontrol.net\/wp-content\/uploads\/2025\/02\/IMG_1532-1-1024x576.jpeg 1024w, https:\/\/www.soundcontrol.net\/wp-content\/uploads\/2025\/02\/IMG_1532-1-300x169.jpeg 300w, https:\/\/www.soundcontrol.net\/wp-content\/uploads\/2025\/02\/IMG_1532-1-150x84.jpeg 150w, https:\/\/www.soundcontrol.net\/wp-content\/uploads\/2025\/02\/IMG_1532-1-768x432.jpeg 768w, https:\/\/www.soundcontrol.net\/wp-content\/uploads\/2025\/02\/IMG_1532-1-18x10.jpeg 18w, https:\/\/www.soundcontrol.net\/wp-content\/uploads\/2025\/02\/IMG_1532-1-100x56.jpeg 100w, https:\/\/www.soundcontrol.net\/wp-content\/uploads\/2025\/02\/IMG_1532-1-600x338.jpeg 600w, https:\/\/www.soundcontrol.net\/wp-content\/uploads\/2025\/02\/IMG_1532-1.jpeg 1500w\" sizes=\"auto, (max-width: 1024px) 100vw, 1024px\" \/><\/figure>\n<\/div>\n\n\n<p>Hellyer a rejoint SCT en avril 2018 en tant que responsable du d\u00e9veloppement commercial pour l&#039;Europe occidentale. Dans son nouveau poste, il travaillera en \u00e9troite collaboration avec les distributeurs, les revendeurs et les utilisateurs finaux pour fournir des conseils techniques, une assurance de conception de syst\u00e8me et un support avant-vente, garantissant ainsi une int\u00e9gration transparente des solutions de SCT.<\/p>\n\n\n\n<p>Dans le cadre de cet effort, SCT propose des sessions de formation \u00e0 distance sur les solutions depuis son studio bas\u00e9 au Royaume-Uni, permettant aux clients de toute l&#039;Europe d&#039;acqu\u00e9rir une connaissance approfondie et directe des produits. Ces sessions virtuelles compl\u00e8tent les r\u00e9unions en personne, offrant aux partenaires une plus grande flexibilit\u00e9 et un acc\u00e8s plus facile \u00e0 l&#039;expertise technique.<\/p>\n\n\n\n<p>\u00ab La vaste exp\u00e9rience de Geoff et sa connaissance approfondie de notre technologie font de lui une ressource inestimable pour notre r\u00e9seau europ\u00e9en \u00bb, d\u00e9clare Peter Nice, directeur g\u00e9n\u00e9ral de SCT UK &amp; Europe. \u00ab Dans ce nouveau r\u00f4le, il renforcera notre engagement aupr\u00e8s de la communaut\u00e9 technique et am\u00e9liorera le soutien que nous fournissons dans toute la r\u00e9gion. \u00bb<\/p>\n\n\n\n<p>La promotion de Hellyer souligne l&#039;engagement de SCT \u00e0 fournir une excellence technique et une assistance pratique aux clients dans toute l&#039;Europe.<\/p>\n\n\n\n<p>Pour plus d&#039;informations ou pour toute demande de renseignements de la part des m\u00e9dias, veuillez contacter <a href=\"mailto:kperkins@sct-mail.com\">kperkins@sct-mail.com<\/a>.<\/p>","protected":false},"excerpt":{"rendered":"<p>Un v\u00e9t\u00e9ran de l&#039;industrie \u00e9tend son support technique et son engagement \u00e0 travers l&#039;Europe NORWALK, Connecticut, 25 f\u00e9vrier 2025 \u2013 SCT annonce la promotion de Geoff Hellyer au poste de directeur des technologies d&#039;int\u00e9gration pour le Royaume-Uni\u2026<\/p>","protected":false},"author":2753,"featured_media":53024,"comment_status":"open","ping_status":"open","sticky":false,"template":"","format":"standard","meta":{"_acf_changed":false,"publish_to_discourse":"","publish_post_category":"","wpdc_auto_publish_overridden":"","wpdc_topic_tags":"","wpdc_pin_topic":"","wpdc_pin_until":"","discourse_post_id":"","discourse_permalink":"","wpdc_publishing_response":"","wpdc_publishing_error":"","_monsterinsights_skip_tracking":false,"_monsterinsights_sitenote_active":false,"_monsterinsights_sitenote_note":"","_monsterinsights_sitenote_category":0,"footnotes":""},"categories":[1],"tags":[],"class_list":["post-53022","post","type-post","status-publish","format-standard","has-post-thumbnail","hentry","category-news"],"acf":[],"yoast_head":"<!-- This site is optimized with the Yoast SEO plugin v27.4 - https:\/\/yoast.com\/product\/yoast-seo-wordpress\/ -->\n<title>SCT Names Geoff Hellyer Director of Integration Technologies for UK &amp; Europe - Sound Control Technologies<\/title>\n<meta name=\"description\" content=\"SCT announces the promotion of Geoff Hellyer to director of integration technologies for the UK and Europe.\" \/>\n<meta name=\"robots\" content=\"index, follow, max-snippet:-1, max-image-preview:large, max-video-preview:-1\" \/>\n<link rel=\"canonical\" href=\"https:\/\/www.soundcontrol.net\/fr\/sct-names-geoff-hellyer-director-of-integration-technologies-for-uk-europe\/\" \/>\n<meta property=\"og:locale\" content=\"fr_FR\" \/>\n<meta property=\"og:type\" content=\"article\" \/>\n<meta property=\"og:title\" content=\"SCT Names Geoff Hellyer Director of Integration Technologies for UK &amp; Europe - Sound Control Technologies\" \/>\n<meta property=\"og:description\" content=\"SCT announces the promotion of Geoff Hellyer to director of integration technologies for the UK and Europe.\" \/>\n<meta property=\"og:url\" content=\"https:\/\/www.soundcontrol.net\/fr\/sct-names-geoff-hellyer-director-of-integration-technologies-for-uk-europe\/\" \/>\n<meta property=\"og:site_name\" content=\"Sound Control Technologies\" \/>\n<meta property=\"article:published_time\" content=\"2025-02-25T12:55:47+00:00\" \/>\n<meta property=\"article:modified_time\" content=\"2025-02-25T13:38:26+00:00\" \/>\n<meta property=\"og:image\" content=\"https:\/\/www.soundcontrol.net\/wp-content\/uploads\/2025\/02\/IMG_1532-1.jpeg\" \/>\n\t<meta property=\"og:image:width\" content=\"1500\" \/>\n\t<meta property=\"og:image:height\" content=\"844\" \/>\n\t<meta property=\"og:image:type\" content=\"image\/jpeg\" \/>\n<meta name=\"author\" content=\"Kelly Perkins\" \/>\n<meta name=\"twitter:card\" content=\"summary_large_image\" \/>\n<meta name=\"twitter:label1\" content=\"\u00c9crit par\" \/>\n\t<meta name=\"twitter:data1\" content=\"Kelly Perkins\" \/>\n\t<meta name=\"twitter:label2\" content=\"Dur\u00e9e de lecture estim\u00e9e\" \/>\n\t<meta name=\"twitter:data2\" content=\"2 minutes\" \/>\n<script type=\"application\/ld+json\" class=\"yoast-schema-graph\">{\"@context\":\"https:\\\/\\\/schema.org\",\"@graph\":[{\"@type\":\"Article\",\"@id\":\"https:\\\/\\\/www.soundcontrol.net\\\/sct-names-geoff-hellyer-director-of-integration-technologies-for-uk-europe\\\/#article\",\"isPartOf\":{\"@id\":\"https:\\\/\\\/www.soundcontrol.net\\\/sct-names-geoff-hellyer-director-of-integration-technologies-for-uk-europe\\\/\"},\"author\":{\"name\":\"Kelly Perkins\",\"@id\":\"https:\\\/\\\/www.soundcontrol.net\\\/#\\\/schema\\\/person\\\/2f2b28fc1f97a15594b2db817c4b4980\"},\"headline\":\"SCT Names Geoff Hellyer Director of Integration Technologies for UK &amp; Europe\",\"datePublished\":\"2025-02-25T12:55:47+00:00\",\"dateModified\":\"2025-02-25T13:38:26+00:00\",\"mainEntityOfPage\":{\"@id\":\"https:\\\/\\\/www.soundcontrol.net\\\/sct-names-geoff-hellyer-director-of-integration-technologies-for-uk-europe\\\/\"},\"wordCount\":219,\"commentCount\":0,\"image\":{\"@id\":\"https:\\\/\\\/www.soundcontrol.net\\\/sct-names-geoff-hellyer-director-of-integration-technologies-for-uk-europe\\\/#primaryimage\"},\"thumbnailUrl\":\"https:\\\/\\\/www.soundcontrol.net\\\/wp-content\\\/uploads\\\/2025\\\/02\\\/IMG_1532-1.jpeg\",\"articleSection\":[\"News\"],\"inLanguage\":\"fr-FR\",\"potentialAction\":[{\"@type\":\"CommentAction\",\"name\":\"Comment\",\"target\":[\"https:\\\/\\\/www.soundcontrol.net\\\/sct-names-geoff-hellyer-director-of-integration-technologies-for-uk-europe\\\/#respond\"]}]},{\"@type\":\"WebPage\",\"@id\":\"https:\\\/\\\/www.soundcontrol.net\\\/sct-names-geoff-hellyer-director-of-integration-technologies-for-uk-europe\\\/\",\"url\":\"https:\\\/\\\/www.soundcontrol.net\\\/sct-names-geoff-hellyer-director-of-integration-technologies-for-uk-europe\\\/\",\"name\":\"SCT Names Geoff Hellyer Director of Integration Technologies for UK &amp; Europe - Sound Control Technologies\",\"isPartOf\":{\"@id\":\"https:\\\/\\\/www.soundcontrol.net\\\/#website\"},\"primaryImageOfPage\":{\"@id\":\"https:\\\/\\\/www.soundcontrol.net\\\/sct-names-geoff-hellyer-director-of-integration-technologies-for-uk-europe\\\/#primaryimage\"},\"image\":{\"@id\":\"https:\\\/\\\/www.soundcontrol.net\\\/sct-names-geoff-hellyer-director-of-integration-technologies-for-uk-europe\\\/#primaryimage\"},\"thumbnailUrl\":\"https:\\\/\\\/www.soundcontrol.net\\\/wp-content\\\/uploads\\\/2025\\\/02\\\/IMG_1532-1.jpeg\",\"datePublished\":\"2025-02-25T12:55:47+00:00\",\"dateModified\":\"2025-02-25T13:38:26+00:00\",\"author\":{\"@id\":\"https:\\\/\\\/www.soundcontrol.net\\\/#\\\/schema\\\/person\\\/2f2b28fc1f97a15594b2db817c4b4980\"},\"description\":\"SCT announces the promotion of Geoff Hellyer to director of integration technologies for the UK and Europe.\",\"breadcrumb\":{\"@id\":\"https:\\\/\\\/www.soundcontrol.net\\\/sct-names-geoff-hellyer-director-of-integration-technologies-for-uk-europe\\\/#breadcrumb\"},\"inLanguage\":\"fr-FR\",\"potentialAction\":[{\"@type\":\"ReadAction\",\"target\":[\"https:\\\/\\\/www.soundcontrol.net\\\/sct-names-geoff-hellyer-director-of-integration-technologies-for-uk-europe\\\/\"]}]},{\"@type\":\"ImageObject\",\"inLanguage\":\"fr-FR\",\"@id\":\"https:\\\/\\\/www.soundcontrol.net\\\/sct-names-geoff-hellyer-director-of-integration-technologies-for-uk-europe\\\/#primaryimage\",\"url\":\"https:\\\/\\\/www.soundcontrol.net\\\/wp-content\\\/uploads\\\/2025\\\/02\\\/IMG_1532-1.jpeg\",\"contentUrl\":\"https:\\\/\\\/www.soundcontrol.net\\\/wp-content\\\/uploads\\\/2025\\\/02\\\/IMG_1532-1.jpeg\",\"width\":1500,\"height\":844},{\"@type\":\"BreadcrumbList\",\"@id\":\"https:\\\/\\\/www.soundcontrol.net\\\/sct-names-geoff-hellyer-director-of-integration-technologies-for-uk-europe\\\/#breadcrumb\",\"itemListElement\":[{\"@type\":\"ListItem\",\"position\":1,\"name\":\"Home\",\"item\":\"https:\\\/\\\/www.soundcontrol.net\\\/\"},{\"@type\":\"ListItem\",\"position\":2,\"name\":\"SCT Names Geoff Hellyer Director of Integration Technologies for UK &amp; Europe\"}]},{\"@type\":\"WebSite\",\"@id\":\"https:\\\/\\\/www.soundcontrol.net\\\/#website\",\"url\":\"https:\\\/\\\/www.soundcontrol.net\\\/\",\"name\":\"Sound Control Technologies\",\"description\":\"Connectivity, Delivered.\",\"potentialAction\":[{\"@type\":\"SearchAction\",\"target\":{\"@type\":\"EntryPoint\",\"urlTemplate\":\"https:\\\/\\\/www.soundcontrol.net\\\/?s={search_term_string}\"},\"query-input\":{\"@type\":\"PropertyValueSpecification\",\"valueRequired\":true,\"valueName\":\"search_term_string\"}}],\"inLanguage\":\"fr-FR\"},{\"@type\":\"Person\",\"@id\":\"https:\\\/\\\/www.soundcontrol.net\\\/#\\\/schema\\\/person\\\/2f2b28fc1f97a15594b2db817c4b4980\",\"name\":\"Kelly Perkins\",\"image\":{\"@type\":\"ImageObject\",\"inLanguage\":\"fr-FR\",\"@id\":\"https:\\\/\\\/secure.gravatar.com\\\/avatar\\\/84d667a782a8ba0dbe120996b33562c0c1efe8d1987d3f046c579b36533e747c?s=96&d=mm&r=g\",\"url\":\"https:\\\/\\\/secure.gravatar.com\\\/avatar\\\/84d667a782a8ba0dbe120996b33562c0c1efe8d1987d3f046c579b36533e747c?s=96&d=mm&r=g\",\"contentUrl\":\"https:\\\/\\\/secure.gravatar.com\\\/avatar\\\/84d667a782a8ba0dbe120996b33562c0c1efe8d1987d3f046c579b36533e747c?s=96&d=mm&r=g\",\"caption\":\"Kelly Perkins\"},\"url\":\"https:\\\/\\\/www.soundcontrol.net\\\/fr\\\/author\\\/kperkins\\\/\"}]}<\/script>\n<!-- \/ Yoast SEO plugin. -->","yoast_head_json":{"title":"SCT Names Geoff Hellyer Director of Integration Technologies for UK &amp; Europe - Sound Control Technologies","description":"SCT announces the promotion of Geoff Hellyer to director of integration technologies for the UK and Europe.","robots":{"index":"index","follow":"follow","max-snippet":"max-snippet:-1","max-image-preview":"max-image-preview:large","max-video-preview":"max-video-preview:-1"},"canonical":"https:\/\/www.soundcontrol.net\/fr\/sct-names-geoff-hellyer-director-of-integration-technologies-for-uk-europe\/","og_locale":"fr_FR","og_type":"article","og_title":"SCT Names Geoff Hellyer Director of Integration Technologies for UK &amp; Europe - Sound Control Technologies","og_description":"SCT announces the promotion of Geoff Hellyer to director of integration technologies for the UK and Europe.","og_url":"https:\/\/www.soundcontrol.net\/fr\/sct-names-geoff-hellyer-director-of-integration-technologies-for-uk-europe\/","og_site_name":"Sound Control Technologies","article_published_time":"2025-02-25T12:55:47+00:00","article_modified_time":"2025-02-25T13:38:26+00:00","og_image":[{"width":1500,"height":844,"url":"https:\/\/www.soundcontrol.net\/wp-content\/uploads\/2025\/02\/IMG_1532-1.jpeg","type":"image\/jpeg"}],"author":"Kelly Perkins","twitter_card":"summary_large_image","twitter_misc":{"\u00c9crit par":"Kelly Perkins","Dur\u00e9e de lecture estim\u00e9e":"2 minutes"},"schema":{"@context":"https:\/\/schema.org","@graph":[{"@type":"Article","@id":"https:\/\/www.soundcontrol.net\/sct-names-geoff-hellyer-director-of-integration-technologies-for-uk-europe\/#article","isPartOf":{"@id":"https:\/\/www.soundcontrol.net\/sct-names-geoff-hellyer-director-of-integration-technologies-for-uk-europe\/"},"author":{"name":"Kelly Perkins","@id":"https:\/\/www.soundcontrol.net\/#\/schema\/person\/2f2b28fc1f97a15594b2db817c4b4980"},"headline":"SCT Names Geoff Hellyer Director of Integration Technologies for UK &amp; Europe","datePublished":"2025-02-25T12:55:47+00:00","dateModified":"2025-02-25T13:38:26+00:00","mainEntityOfPage":{"@id":"https:\/\/www.soundcontrol.net\/sct-names-geoff-hellyer-director-of-integration-technologies-for-uk-europe\/"},"wordCount":219,"commentCount":0,"image":{"@id":"https:\/\/www.soundcontrol.net\/sct-names-geoff-hellyer-director-of-integration-technologies-for-uk-europe\/#primaryimage"},"thumbnailUrl":"https:\/\/www.soundcontrol.net\/wp-content\/uploads\/2025\/02\/IMG_1532-1.jpeg","articleSection":["News"],"inLanguage":"fr-FR","potentialAction":[{"@type":"CommentAction","name":"Comment","target":["https:\/\/www.soundcontrol.net\/sct-names-geoff-hellyer-director-of-integration-technologies-for-uk-europe\/#respond"]}]},{"@type":"WebPage","@id":"https:\/\/www.soundcontrol.net\/sct-names-geoff-hellyer-director-of-integration-technologies-for-uk-europe\/","url":"https:\/\/www.soundcontrol.net\/sct-names-geoff-hellyer-director-of-integration-technologies-for-uk-europe\/","name":"SCT Names Geoff Hellyer Director of Integration Technologies for UK &amp; Europe - Sound Control Technologies","isPartOf":{"@id":"https:\/\/www.soundcontrol.net\/#website"},"primaryImageOfPage":{"@id":"https:\/\/www.soundcontrol.net\/sct-names-geoff-hellyer-director-of-integration-technologies-for-uk-europe\/#primaryimage"},"image":{"@id":"https:\/\/www.soundcontrol.net\/sct-names-geoff-hellyer-director-of-integration-technologies-for-uk-europe\/#primaryimage"},"thumbnailUrl":"https:\/\/www.soundcontrol.net\/wp-content\/uploads\/2025\/02\/IMG_1532-1.jpeg","datePublished":"2025-02-25T12:55:47+00:00","dateModified":"2025-02-25T13:38:26+00:00","author":{"@id":"https:\/\/www.soundcontrol.net\/#\/schema\/person\/2f2b28fc1f97a15594b2db817c4b4980"},"description":"SCT announces the promotion of Geoff Hellyer to director of integration technologies for the UK and Europe.","breadcrumb":{"@id":"https:\/\/www.soundcontrol.net\/sct-names-geoff-hellyer-director-of-integration-technologies-for-uk-europe\/#breadcrumb"},"inLanguage":"fr-FR","potentialAction":[{"@type":"ReadAction","target":["https:\/\/www.soundcontrol.net\/sct-names-geoff-hellyer-director-of-integration-technologies-for-uk-europe\/"]}]},{"@type":"ImageObject","inLanguage":"fr-FR","@id":"https:\/\/www.soundcontrol.net\/sct-names-geoff-hellyer-director-of-integration-technologies-for-uk-europe\/#primaryimage","url":"https:\/\/www.soundcontrol.net\/wp-content\/uploads\/2025\/02\/IMG_1532-1.jpeg","contentUrl":"https:\/\/www.soundcontrol.net\/wp-content\/uploads\/2025\/02\/IMG_1532-1.jpeg","width":1500,"height":844},{"@type":"BreadcrumbList","@id":"https:\/\/www.soundcontrol.net\/sct-names-geoff-hellyer-director-of-integration-technologies-for-uk-europe\/#breadcrumb","itemListElement":[{"@type":"ListItem","position":1,"name":"Home","item":"https:\/\/www.soundcontrol.net\/"},{"@type":"ListItem","position":2,"name":"SCT Names Geoff Hellyer Director of Integration Technologies for UK &amp; Europe"}]},{"@type":"WebSite","@id":"https:\/\/www.soundcontrol.net\/#website","url":"https:\/\/www.soundcontrol.net\/","name":"Technologies de contr\u00f4le du son","description":"Connectivit\u00e9, livr\u00e9e.","potentialAction":[{"@type":"SearchAction","target":{"@type":"EntryPoint","urlTemplate":"https:\/\/www.soundcontrol.net\/?s={search_term_string}"},"query-input":{"@type":"PropertyValueSpecification","valueRequired":true,"valueName":"search_term_string"}}],"inLanguage":"fr-FR"},{"@type":"Person","@id":"https:\/\/www.soundcontrol.net\/#\/schema\/person\/2f2b28fc1f97a15594b2db817c4b4980","name":"Kelly Perkins","image":{"@type":"ImageObject","inLanguage":"fr-FR","@id":"https:\/\/secure.gravatar.com\/avatar\/84d667a782a8ba0dbe120996b33562c0c1efe8d1987d3f046c579b36533e747c?s=96&d=mm&r=g","url":"https:\/\/secure.gravatar.com\/avatar\/84d667a782a8ba0dbe120996b33562c0c1efe8d1987d3f046c579b36533e747c?s=96&d=mm&r=g","contentUrl":"https:\/\/secure.gravatar.com\/avatar\/84d667a782a8ba0dbe120996b33562c0c1efe8d1987d3f046c579b36533e747c?s=96&d=mm&r=g","caption":"Kelly Perkins"},"url":"https:\/\/www.soundcontrol.net\/fr\/author\/kperkins\/"}]}},"_links":{"self":[{"href":"https:\/\/www.soundcontrol.net\/fr\/wp-json\/wp\/v2\/posts\/53022","targetHints":{"allow":["GET"]}}],"collection":[{"href":"https:\/\/www.soundcontrol.net\/fr\/wp-json\/wp\/v2\/posts"}],"about":[{"href":"https:\/\/www.soundcontrol.net\/fr\/wp-json\/wp\/v2\/types\/post"}],"author":[{"embeddable":true,"href":"https:\/\/www.soundcontrol.net\/fr\/wp-json\/wp\/v2\/users\/2753"}],"replies":[{"embeddable":true,"href":"https:\/\/www.soundcontrol.net\/fr\/wp-json\/wp\/v2\/comments?post=53022"}],"version-history":[{"count":0,"href":"https:\/\/www.soundcontrol.net\/fr\/wp-json\/wp\/v2\/posts\/53022\/revisions"}],"wp:featuredmedia":[{"embeddable":true,"href":"https:\/\/www.soundcontrol.net\/fr\/wp-json\/wp\/v2\/media\/53024"}],"wp:attachment":[{"href":"https:\/\/www.soundcontrol.net\/fr\/wp-json\/wp\/v2\/media?parent=53022"}],"wp:term":[{"taxonomy":"category","embeddable":true,"href":"https:\/\/www.soundcontrol.net\/fr\/wp-json\/wp\/v2\/categories?post=53022"},{"taxonomy":"post_tag","embeddable":true,"href":"https:\/\/www.soundcontrol.net\/fr\/wp-json\/wp\/v2\/tags?post=53022"}],"curies":[{"name":"wp","href":"https:\/\/api.w.org\/{rel}","templated":true}]}}